{"id":4584,"date":"1992-03-09T11:58:46","date_gmt":"1992-03-09T14:58:46","guid":{"rendered":"https:\/\/shippingsrl.com\/?p=4584"},"modified":"2019-09-25T12:00:41","modified_gmt":"2019-09-25T15:00:41","slug":"la-nacion-el-tribuno-el-litoral-el-atlantico-cronica","status":"publish","type":"post","link":"https:\/\/shippingsrl.com\/archivos\/4584","title":{"rendered":"La Naci\u00f3n, El Tribuno, El Litoral, El Atl\u00e1ntico, Cr\u00f3nica"},"content":{"rendered":"<p>La Naci\u00f3n | Buenos Aires 9 mar 1992<br \/>\nEl Tribuno | Salta 10 mar 1992<br \/>\nEl Litoral | Santa Fe 9 mar 1992<br \/>\nEl Atl\u00e1ntico | Mar del Plata 10 mar 1992<br \/>\nCr\u00f3nica | Buenos Aires 11 mar 1992<br \/>\nCr\u00f3nica | Buenos Aires 11 mar 1992<\/p>\n\t<div class=\"img has-hover x md-x lg-x y md-y lg-y\" id=\"image_469898422\">\n\t\t\t\t\t\t\t\t<div class=\"img-inner dark\" >\n\t\t\t<img width=\"606\" height=\"775\" src=\"https:\/\/shippingsrl.com\/file\/2019\/09\/malvinas-31.jpg\" class=\"attachment-original size-original\" alt=\"\" loading=\"lazy\" srcset=\"https:\/\/shippingsrl.com\/file\/2019\/09\/malvinas-31.jpg 606w, https:\/\/shippingsrl.com\/file\/2019\/09\/malvinas-31-235x300.jpg 235w\" sizes=\"(max-width: 606px) 100vw, 606px\" \/>\t\t\t\t\t\t\n\t\t\t\t\t<\/div>\n\t\t\t\t\t\t\t\t\n<style>\n#image_469898422 {\n  width: 66%;\n}\n<\/style>\n\t<\/div>\n\t\n","protected":false},"excerpt":{"rendered":"<p>La Naci\u00f3n | Buenos Aires 9 mar 1992 El Tribuno | Salta 10 mar 1992 El Litoral | Santa Fe 9 mar 1992 El Atl\u00e1ntico | Mar del Plata 10 mar 1992 Cr\u00f3nica | Buenos Aires 11 mar 1992 Cr\u00f3nica | Buenos Aires 11 mar 1992<\/p>\n","protected":false},"author":1,"featured_media":0,"comment_status":"closed","ping_status":"closed","sticky":false,"template":"","format":"standard","meta":[],"categories":[5,24],"tags":[],"yoast_head":"<!-- This site is optimized with the Yoast SEO plugin v17.8 - https:\/\/yoast.com\/wordpress\/plugins\/seo\/ -->\n<title>La Naci\u00f3n, El Tribuno, El Litoral, El Atl\u00e1ntico, Cr\u00f3nica | Shipping SRL<\/title>\n<meta name=\"robots\" content=\"index, follow, max-snippet:-1, max-image-preview:large, max-video-preview:-1\" \/>\n<link rel=\"canonical\" href=\"https:\/\/shippingsrl.com\/archivos\/4584\" \/>\n<meta property=\"og:locale\" content=\"es_ES\" \/>\n<meta property=\"og:type\" content=\"article\" \/>\n<meta property=\"og:title\" content=\"La Naci\u00f3n, El Tribuno, El Litoral, El Atl\u00e1ntico, Cr\u00f3nica | Shipping SRL\" \/>\n<meta property=\"og:description\" content=\"La Naci\u00f3n | Buenos Aires 9 mar 1992 El Tribuno | Salta 10 mar 1992 El Litoral | Santa Fe 9 mar 1992 El Atl\u00e1ntico | Mar del Plata 10 mar 1992 Cr\u00f3nica | Buenos Aires 11 mar 1992 Cr\u00f3nica | Buenos Aires 11 mar 1992\" \/>\n<meta property=\"og:url\" content=\"https:\/\/shippingsrl.com\/archivos\/4584\" \/>\n<meta property=\"og:site_name\" content=\"Shipping SRL\" \/>\n<meta property=\"article:published_time\" content=\"1992-03-09T14:58:46+00:00\" \/>\n<meta property=\"article:modified_time\" content=\"2019-09-25T15:00:41+00:00\" \/>\n<meta name=\"twitter:card\" content=\"summary_large_image\" \/>\n<meta name=\"twitter:label1\" content=\"Escrito por\" \/>\n\t<meta name=\"twitter:data1\" content=\"grapics\" \/>\n<script type=\"application\/ld+json\" class=\"yoast-schema-graph\">{\"@context\":\"https:\/\/schema.org\",\"@graph\":[{\"@type\":\"Organization\",\"@id\":\"https:\/\/shippingsrl.com\/#organization\",\"name\":\"Shipping Srl\",\"url\":\"https:\/\/shippingsrl.com\/\",\"sameAs\":[],\"logo\":{\"@type\":\"ImageObject\",\"@id\":\"https:\/\/shippingsrl.com\/#logo\",\"inLanguage\":\"es\",\"url\":\"https:\/\/shippingsrl.com\/file\/2019\/11\/shipping-srl.jpg\",\"contentUrl\":\"https:\/\/shippingsrl.com\/file\/2019\/11\/shipping-srl.jpg\",\"width\":901,\"height\":100,\"caption\":\"Shipping Srl\"},\"image\":{\"@id\":\"https:\/\/shippingsrl.com\/#logo\"}},{\"@type\":\"WebSite\",\"@id\":\"https:\/\/shippingsrl.com\/#website\",\"url\":\"https:\/\/shippingsrl.com\/\",\"name\":\"Shipping SRL\",\"description\":\"\",\"publisher\":{\"@id\":\"https:\/\/shippingsrl.com\/#organization\"},\"potentialAction\":[{\"@type\":\"SearchAction\",\"target\":{\"@type\":\"EntryPoint\",\"urlTemplate\":\"https:\/\/shippingsrl.com\/?s={search_term_string}\"},\"query-input\":\"required name=search_term_string\"}],\"inLanguage\":\"es\"},{\"@type\":\"WebPage\",\"@id\":\"https:\/\/shippingsrl.com\/archivos\/4584#webpage\",\"url\":\"https:\/\/shippingsrl.com\/archivos\/4584\",\"name\":\"La Naci\\u00f3n, El Tribuno, El Litoral, El Atl\\u00e1ntico, Cr\\u00f3nica | Shipping SRL\",\"isPartOf\":{\"@id\":\"https:\/\/shippingsrl.com\/#website\"},\"datePublished\":\"1992-03-09T14:58:46+00:00\",\"dateModified\":\"2019-09-25T15:00:41+00:00\",\"breadcrumb\":{\"@id\":\"https:\/\/shippingsrl.com\/archivos\/4584#breadcrumb\"},\"inLanguage\":\"es\",\"potentialAction\":[{\"@type\":\"ReadAction\",\"target\":[\"https:\/\/shippingsrl.com\/archivos\/4584\"]}]},{\"@type\":\"BreadcrumbList\",\"@id\":\"https:\/\/shippingsrl.com\/archivos\/4584#breadcrumb\",\"itemListElement\":[{\"@type\":\"ListItem\",\"position\":1,\"name\":\"Portada\",\"item\":\"https:\/\/shippingsrl.com\/\"},{\"@type\":\"ListItem\",\"position\":2,\"name\":\"La Naci\\u00f3n, El Tribuno, El Litoral, El Atl\\u00e1ntico, Cr\\u00f3nica\"}]},{\"@type\":\"Article\",\"@id\":\"https:\/\/shippingsrl.com\/archivos\/4584#article\",\"isPartOf\":{\"@id\":\"https:\/\/shippingsrl.com\/archivos\/4584#webpage\"},\"author\":{\"@id\":\"https:\/\/shippingsrl.com\/#\/schema\/person\/d30de6fc26648d896a6e5b6cfbc09407\"},\"headline\":\"La Naci\\u00f3n, El Tribuno, El Litoral, El Atl\\u00e1ntico, Cr\\u00f3nica\",\"datePublished\":\"1992-03-09T14:58:46+00:00\",\"dateModified\":\"2019-09-25T15:00:41+00:00\",\"mainEntityOfPage\":{\"@id\":\"https:\/\/shippingsrl.com\/archivos\/4584#webpage\"},\"wordCount\":51,\"publisher\":{\"@id\":\"https:\/\/shippingsrl.com\/#organization\"},\"articleSection\":[\"Historia\",\"Malvinas 1992\"],\"inLanguage\":\"es\"},{\"@type\":\"Person\",\"@id\":\"https:\/\/shippingsrl.com\/#\/schema\/person\/d30de6fc26648d896a6e5b6cfbc09407\",\"name\":\"grapics\",\"image\":{\"@type\":\"ImageObject\",\"@id\":\"https:\/\/shippingsrl.com\/#personlogo\",\"inLanguage\":\"es\",\"url\":\"https:\/\/secure.gravatar.com\/avatar\/9659ccf264292d327d8dae40c8ee7dd2?s=96&d=mm&r=g\",\"contentUrl\":\"https:\/\/secure.gravatar.com\/avatar\/9659ccf264292d327d8dae40c8ee7dd2?s=96&d=mm&r=g\",\"caption\":\"grapics\"}}]}<\/script>\n<!-- \/ Yoast SEO plugin. -->","yoast_head_json":{"title":"La Naci\u00f3n, El Tribuno, El Litoral, El Atl\u00e1ntico, Cr\u00f3nica | Shipping SRL","robots":{"index":"index","follow":"follow","max-snippet":"max-snippet:-1","max-image-preview":"max-image-preview:large","max-video-preview":"max-video-preview:-1"},"canonical":"https:\/\/shippingsrl.com\/archivos\/4584","og_locale":"es_ES","og_type":"article","og_title":"La Naci\u00f3n, El Tribuno, El Litoral, El Atl\u00e1ntico, Cr\u00f3nica | Shipping SRL","og_description":"La Naci\u00f3n | Buenos Aires 9 mar 1992 El Tribuno | Salta 10 mar 1992 El Litoral | Santa Fe 9 mar 1992 El Atl\u00e1ntico | Mar del Plata 10 mar 1992 Cr\u00f3nica | Buenos Aires 11 mar 1992 Cr\u00f3nica | Buenos Aires 11 mar 1992","og_url":"https:\/\/shippingsrl.com\/archivos\/4584","og_site_name":"Shipping SRL","article_published_time":"1992-03-09T14:58:46+00:00","article_modified_time":"2019-09-25T15:00:41+00:00","twitter_card":"summary_large_image","twitter_misc":{"Escrito por":"grapics"},"schema":{"@context":"https:\/\/schema.org","@graph":[{"@type":"Organization","@id":"https:\/\/shippingsrl.com\/#organization","name":"Shipping Srl","url":"https:\/\/shippingsrl.com\/","sameAs":[],"logo":{"@type":"ImageObject","@id":"https:\/\/shippingsrl.com\/#logo","inLanguage":"es","url":"https:\/\/shippingsrl.com\/file\/2019\/11\/shipping-srl.jpg","contentUrl":"https:\/\/shippingsrl.com\/file\/2019\/11\/shipping-srl.jpg","width":901,"height":100,"caption":"Shipping Srl"},"image":{"@id":"https:\/\/shippingsrl.com\/#logo"}},{"@type":"WebSite","@id":"https:\/\/shippingsrl.com\/#website","url":"https:\/\/shippingsrl.com\/","name":"Shipping SRL","description":"","publisher":{"@id":"https:\/\/shippingsrl.com\/#organization"},"potentialAction":[{"@type":"SearchAction","target":{"@type":"EntryPoint","urlTemplate":"https:\/\/shippingsrl.com\/?s={search_term_string}"},"query-input":"required name=search_term_string"}],"inLanguage":"es"},{"@type":"WebPage","@id":"https:\/\/shippingsrl.com\/archivos\/4584#webpage","url":"https:\/\/shippingsrl.com\/archivos\/4584","name":"La Naci\u00f3n, El Tribuno, El Litoral, El Atl\u00e1ntico, Cr\u00f3nica | Shipping SRL","isPartOf":{"@id":"https:\/\/shippingsrl.com\/#website"},"datePublished":"1992-03-09T14:58:46+00:00","dateModified":"2019-09-25T15:00:41+00:00","breadcrumb":{"@id":"https:\/\/shippingsrl.com\/archivos\/4584#breadcrumb"},"inLanguage":"es","potentialAction":[{"@type":"ReadAction","target":["https:\/\/shippingsrl.com\/archivos\/4584"]}]},{"@type":"BreadcrumbList","@id":"https:\/\/shippingsrl.com\/archivos\/4584#breadcrumb","itemListElement":[{"@type":"ListItem","position":1,"name":"Portada","item":"https:\/\/shippingsrl.com\/"},{"@type":"ListItem","position":2,"name":"La Naci\u00f3n, El Tribuno, El Litoral, El Atl\u00e1ntico, Cr\u00f3nica"}]},{"@type":"Article","@id":"https:\/\/shippingsrl.com\/archivos\/4584#article","isPartOf":{"@id":"https:\/\/shippingsrl.com\/archivos\/4584#webpage"},"author":{"@id":"https:\/\/shippingsrl.com\/#\/schema\/person\/d30de6fc26648d896a6e5b6cfbc09407"},"headline":"La Naci\u00f3n, El Tribuno, El Litoral, El Atl\u00e1ntico, Cr\u00f3nica","datePublished":"1992-03-09T14:58:46+00:00","dateModified":"2019-09-25T15:00:41+00:00","mainEntityOfPage":{"@id":"https:\/\/shippingsrl.com\/archivos\/4584#webpage"},"wordCount":51,"publisher":{"@id":"https:\/\/shippingsrl.com\/#organization"},"articleSection":["Historia","Malvinas 1992"],"inLanguage":"es"},{"@type":"Person","@id":"https:\/\/shippingsrl.com\/#\/schema\/person\/d30de6fc26648d896a6e5b6cfbc09407","name":"grapics","image":{"@type":"ImageObject","@id":"https:\/\/shippingsrl.com\/#personlogo","inLanguage":"es","url":"https:\/\/secure.gravatar.com\/avatar\/9659ccf264292d327d8dae40c8ee7dd2?s=96&d=mm&r=g","contentUrl":"https:\/\/secure.gravatar.com\/avatar\/9659ccf264292d327d8dae40c8ee7dd2?s=96&d=mm&r=g","caption":"grapics"}}]}},"_links":{"self":[{"href":"https:\/\/shippingsrl.com\/rest_api\/wp\/v2\/posts\/4584"}],"collection":[{"href":"https:\/\/shippingsrl.com\/rest_api\/wp\/v2\/posts"}],"about":[{"href":"https:\/\/shippingsrl.com\/rest_api\/wp\/v2\/types\/post"}],"author":[{"embeddable":true,"href":"https:\/\/shippingsrl.com\/rest_api\/wp\/v2\/users\/1"}],"replies":[{"embeddable":true,"href":"https:\/\/shippingsrl.com\/rest_api\/wp\/v2\/comments?post=4584"}],"version-history":[{"count":2,"href":"https:\/\/shippingsrl.com\/rest_api\/wp\/v2\/posts\/4584\/revisions"}],"predecessor-version":[{"id":4587,"href":"https:\/\/shippingsrl.com\/rest_api\/wp\/v2\/posts\/4584\/revisions\/4587"}],"wp:attachment":[{"href":"https:\/\/shippingsrl.com\/rest_api\/wp\/v2\/media?parent=4584"}],"wp:term":[{"taxonomy":"category","embeddable":true,"href":"https:\/\/shippingsrl.com\/rest_api\/wp\/v2\/categories?post=4584"},{"taxonomy":"post_tag","embeddable":true,"href":"https:\/\/shippingsrl.com\/rest_api\/wp\/v2\/tags?post=4584"}],"curies":[{"name":"wp","href":"https:\/\/api.w.org\/{rel}","templated":true}]}}